{"id":282,"date":"2020-04-02T17:00:27","date_gmt":"2020-04-02T17:00:27","guid":{"rendered":"http:\/\/albert-schweitzer-schule-oe.de\/?p=282"},"modified":"2020-04-06T17:07:55","modified_gmt":"2020-04-06T17:07:55","slug":"die-bauarbeiten-haben-begonnen","status":"publish","type":"post","link":"https:\/\/albert-schweitzer-schule-oe.de\/?p=282","title":{"rendered":"Die Bauarbeiten haben begonnen"},"content":{"rendered":"\n<p>In dieser Woche haben die Bauarbeiten an unserer Schule begonnen. Es sollen zwei Klassenr\u00e4ume dazukommem. Deshalb wurde der obere Flur schon am Treppenhaus &#8222;versiegelt&#8220;, damit der Baustaub nicht \u00fcberallhin zieht. Von au\u00dfen wurde damit begonnen ein Ger\u00fcst aufzustellen. Da die ersten Arbeiten mit ziemlich viel L\u00e4rm verbunden ist, hat die Auszeit auch eine gute Seite &#8211; im Schulhaus ist niemand, der gest\u00f6rt werden k\u00f6nnte.<\/p>\n\n\n\n<div class=\"wp-block-image\"><figure class=\"alignleft is-resized\"><img loading=\"lazy\" decoding=\"async\" src=\"https:\/\/albert-schweitzer-schule-oe.de\/wp-content\/uploads\/2020\/04\/IMG_4575-1024x682.jpg\" alt=\"\" class=\"wp-image-283\" width=\"305\" height=\"202\" srcset=\"https:\/\/albert-schweitzer-schule-oe.de\/wp-content\/uploads\/2020\/04\/IMG_4575-1024x682.jpg 1024w, https:\/\/albert-schweitzer-schule-oe.de\/wp-content\/uploads\/2020\/04\/IMG_4575-300x200.jpg 300w, https:\/\/albert-schweitzer-schule-oe.de\/wp-content\/uploads\/2020\/04\/IMG_4575-768x511.jpg 768w\" sizes=\"auto, (max-width: 305px) 100vw, 305px\" \/><figcaption>Im oberen Treppenhaus geht es nur durch eine schmale T\u00fcr weiter.<\/figcaption><\/figure><\/div>\n\n\n\n<ul class=\"wp-block-gallery columns-1 is-cropped wp-block-gallery-1 is-layout-flex wp-block-gallery-is-layout-flex\"><li class=\"blocks-gallery-item\"><figure><img loading=\"lazy\" decoding=\"async\" width=\"1024\" height=\"682\" src=\"https:\/\/albert-schweitzer-schule-oe.de\/wp-content\/uploads\/2020\/04\/IMG_4580-1024x682.jpg\" alt=\"\" data-id=\"284\" data-link=\"https:\/\/albert-schweitzer-schule-oe.de\/?attachment_id=284\" class=\"wp-image-284\" srcset=\"https:\/\/albert-schweitzer-schule-oe.de\/wp-content\/uploads\/2020\/04\/IMG_4580-1024x682.jpg 1024w, https:\/\/albert-schweitzer-schule-oe.de\/wp-content\/uploads\/2020\/04\/IMG_4580-300x200.jpg 300w, https:\/\/albert-schweitzer-schule-oe.de\/wp-content\/uploads\/2020\/04\/IMG_4580-768x511.jpg 768w\" sizes=\"auto, (max-width: 706px) 89vw, (max-width: 767px) 82vw, 740px\" \/><\/figure><\/li><\/ul>\n","protected":false},"excerpt":{"rendered":"<p>In dieser Woche haben die Bauarbeiten an unserer Schule begonnen. Es sollen zwei Klassenr\u00e4ume dazukommem. Deshalb wurde der obere Flur schon am Treppenhaus &#8222;versiegelt&#8220;, damit der Baustaub nicht \u00fcberallhin zieht. Von au\u00dfen wurde damit begonnen ein Ger\u00fcst aufzustellen. Da die ersten Arbeiten mit ziemlich viel L\u00e4rm verbunden ist, hat die Auszeit auch eine gute Seite &hellip; <\/p>\n<p class=\"link-more\"><a href=\"https:\/\/albert-schweitzer-schule-oe.de\/?p=282\" class=\"more-link\"><span class=\"screen-reader-text\">\u201eDie Bauarbeiten haben begonnen\u201c<\/span> weiterlesen<\/a><\/p>\n","protected":false},"author":2,"featured_media":0,"comment_status":"closed","ping_status":"open","sticky":false,"template":"","format":"standard","meta":{"footnotes":""},"categories":[1],"tags":[],"class_list":["post-282","post","type-post","status-publish","format-standard","hentry","category-uncategorized"],"_links":{"self":[{"href":"https:\/\/albert-schweitzer-schule-oe.de\/index.php?rest_route=\/wp\/v2\/posts\/282","targetHints":{"allow":["GET"]}}],"collection":[{"href":"https:\/\/albert-schweitzer-schule-oe.de\/index.php?rest_route=\/wp\/v2\/posts"}],"about":[{"href":"https:\/\/albert-schweitzer-schule-oe.de\/index.php?rest_route=\/wp\/v2\/types\/post"}],"author":[{"embeddable":true,"href":"https:\/\/albert-schweitzer-schule-oe.de\/index.php?rest_route=\/wp\/v2\/users\/2"}],"replies":[{"embeddable":true,"href":"https:\/\/albert-schweitzer-schule-oe.de\/index.php?rest_route=%2Fwp%2Fv2%2Fcomments&post=282"}],"version-history":[{"count":3,"href":"https:\/\/albert-schweitzer-schule-oe.de\/index.php?rest_route=\/wp\/v2\/posts\/282\/revisions"}],"predecessor-version":[{"id":290,"href":"https:\/\/albert-schweitzer-schule-oe.de\/index.php?rest_route=\/wp\/v2\/posts\/282\/revisions\/290"}],"wp:attachment":[{"href":"https:\/\/albert-schweitzer-schule-oe.de\/index.php?rest_route=%2Fwp%2Fv2%2Fmedia&parent=282"}],"wp:term":[{"taxonomy":"category","embeddable":true,"href":"https:\/\/albert-schweitzer-schule-oe.de\/index.php?rest_route=%2Fwp%2Fv2%2Fcategories&post=282"},{"taxonomy":"post_tag","embeddable":true,"href":"https:\/\/albert-schweitzer-schule-oe.de\/index.php?rest_route=%2Fwp%2Fv2%2Ftags&post=282"}],"curies":[{"name":"wp","href":"https:\/\/api.w.org\/{rel}","templated":true}]}}