{"id":1888,"date":"2024-12-20T17:37:59","date_gmt":"2024-12-20T17:37:59","guid":{"rendered":"https:\/\/albert-schweitzer-schule-oe.de\/?p=1888"},"modified":"2024-12-20T17:37:59","modified_gmt":"2024-12-20T17:37:59","slug":"kreative-wochen-im-offenen-ganztag-der-albert-schweitzer-schule","status":"publish","type":"post","link":"https:\/\/albert-schweitzer-schule-oe.de\/?p=1888","title":{"rendered":"Kreative Wochen im Offenen Ganztag der Albert-Schweitzer-Schule"},"content":{"rendered":"\n<p>In den vergangenen Wochen hat der Offene Ganztag der Albert-Schweitzer-Schule wieder einmal bewiesen, wie kreativ und vielseitig unsere Sch\u00fclerinnen und Sch\u00fcler sind. Im Rahmen eines besonderen Kunstprojekts haben die Kinder Kunstwerke aus Filz gestaltet \u2013 mit beeindruckenden Ergebnissen! &nbsp;<\/p>\n\n\n\n<p>Unter Anleitung konnten die Kinder verschiedene Techniken des Filzens kennenlernen. Mit viel Geduld und Fantasie entstanden farbenfrohe Kunstwerke. Dabei wurden nicht nur handwerkliche Fertigkeiten trainiert, sondern auch der Sinn f\u00fcr Farben, Formen und Kreativit\u00e4t gef\u00f6rdert. \u00a0<\/p>\n\n\n\n<p>Die Filzkunstwerke, die dabei entstanden sind, wurden abschlie\u00dfend in einer kleinen Ausstellung im Ganztagsbereich pr\u00e4sentiert. Eltern, Lehrkr\u00e4fte und Mitsch\u00fclerinnen und Mitsch\u00fcler waren eingeladen, die Kunstwerke zu bewundern und die Vielfalt der Ideen zu bestaunen. &nbsp;<\/p>\n\n\n\n<p>Ein gro\u00dfes Dankesch\u00f6n gilt allen, die dieses Projekt erm\u00f6glicht haben \u2013 von der Organisation \u00fcber die Materialbeschaffung bis hin zur Betreuung der Kinder. Solche kreativen Angebote bereichern unseren Schulalltag und bieten den Kindern die M\u00f6glichkeit, sich auf ganz neue Weise auszuprobieren. &nbsp;<\/p>\n\n\n\n<p>Wir freuen uns schon auf das n\u00e4chste kreative Projekt im Offenen Ganztag!<\/p>\n\n\n\n<figure class=\"wp-block-image size-large is-resized\"><img loading=\"lazy\" decoding=\"async\" width=\"1024\" height=\"256\" src=\"https:\/\/albert-schweitzer-schule-oe.de\/wp-content\/uploads\/2024\/12\/1-1024x256.jpg\" alt=\"\" class=\"wp-image-1889\" style=\"width:673px;height:auto\" srcset=\"https:\/\/albert-schweitzer-schule-oe.de\/wp-content\/uploads\/2024\/12\/1-1024x256.jpg 1024w, https:\/\/albert-schweitzer-schule-oe.de\/wp-content\/uploads\/2024\/12\/1-300x75.jpg 300w, https:\/\/albert-schweitzer-schule-oe.de\/wp-content\/uploads\/2024\/12\/1-768x192.jpg 768w, https:\/\/albert-schweitzer-schule-oe.de\/wp-content\/uploads\/2024\/12\/1-1536x383.jpg 1536w, https:\/\/albert-schweitzer-schule-oe.de\/wp-content\/uploads\/2024\/12\/1-2048x511.jpg 2048w\" sizes=\"auto, (max-width: 706px) 89vw, (max-width: 767px) 82vw, 740px\" \/><\/figure>\n\n\n\n<figure class=\"wp-block-image size-large\"><img loading=\"lazy\" decoding=\"async\" width=\"1024\" height=\"768\" src=\"https:\/\/albert-schweitzer-schule-oe.de\/wp-content\/uploads\/2024\/12\/2-1024x768.jpg\" alt=\"\" class=\"wp-image-1890\" srcset=\"https:\/\/albert-schweitzer-schule-oe.de\/wp-content\/uploads\/2024\/12\/2-1024x768.jpg 1024w, https:\/\/albert-schweitzer-schule-oe.de\/wp-content\/uploads\/2024\/12\/2-300x225.jpg 300w, https:\/\/albert-schweitzer-schule-oe.de\/wp-content\/uploads\/2024\/12\/2-768x576.jpg 768w, https:\/\/albert-schweitzer-schule-oe.de\/wp-content\/uploads\/2024\/12\/2-1536x1152.jpg 1536w, https:\/\/albert-schweitzer-schule-oe.de\/wp-content\/uploads\/2024\/12\/2-2048x1536.jpg 2048w\" sizes=\"auto, (max-width: 706px) 89vw, (max-width: 767px) 82vw, 740px\" \/><\/figure>\n\n\n\n<figure class=\"wp-block-image size-large\"><img loading=\"lazy\" decoding=\"async\" width=\"1024\" height=\"719\" src=\"https:\/\/albert-schweitzer-schule-oe.de\/wp-content\/uploads\/2024\/12\/3-1024x719.jpg\" alt=\"\" class=\"wp-image-1891\" srcset=\"https:\/\/albert-schweitzer-schule-oe.de\/wp-content\/uploads\/2024\/12\/3-1024x719.jpg 1024w, https:\/\/albert-schweitzer-schule-oe.de\/wp-content\/uploads\/2024\/12\/3-300x211.jpg 300w, https:\/\/albert-schweitzer-schule-oe.de\/wp-content\/uploads\/2024\/12\/3-768x539.jpg 768w, https:\/\/albert-schweitzer-schule-oe.de\/wp-content\/uploads\/2024\/12\/3-1536x1079.jpg 1536w, https:\/\/albert-schweitzer-schule-oe.de\/wp-content\/uploads\/2024\/12\/3-2048x1439.jpg 2048w\" sizes=\"auto, (max-width: 706px) 89vw, (max-width: 767px) 82vw, 740px\" \/><\/figure>\n\n\n\n<figure class=\"wp-block-image size-large is-resized\"><img loading=\"lazy\" decoding=\"async\" width=\"1024\" height=\"673\" src=\"https:\/\/albert-schweitzer-schule-oe.de\/wp-content\/uploads\/2024\/12\/IMG_1150-1024x673.jpg\" alt=\"\" class=\"wp-image-1892\" style=\"width:677px;height:auto\" srcset=\"https:\/\/albert-schweitzer-schule-oe.de\/wp-content\/uploads\/2024\/12\/IMG_1150-1024x673.jpg 1024w, https:\/\/albert-schweitzer-schule-oe.de\/wp-content\/uploads\/2024\/12\/IMG_1150-300x197.jpg 300w, https:\/\/albert-schweitzer-schule-oe.de\/wp-content\/uploads\/2024\/12\/IMG_1150-768x505.jpg 768w, https:\/\/albert-schweitzer-schule-oe.de\/wp-content\/uploads\/2024\/12\/IMG_1150-1536x1009.jpg 1536w, https:\/\/albert-schweitzer-schule-oe.de\/wp-content\/uploads\/2024\/12\/IMG_1150-2048x1346.jpg 2048w\" sizes=\"auto, (max-width: 706px) 89vw, (max-width: 767px) 82vw, 740px\" \/><\/figure>\n","protected":false},"excerpt":{"rendered":"<p>In den vergangenen Wochen hat der Offene Ganztag der Albert-Schweitzer-Schule wieder einmal bewiesen, wie kreativ und vielseitig unsere Sch\u00fclerinnen und Sch\u00fcler sind. Im Rahmen eines besonderen Kunstprojekts haben die Kinder Kunstwerke aus Filz gestaltet \u2013 mit beeindruckenden Ergebnissen! &nbsp; Unter Anleitung konnten die Kinder verschiedene Techniken des Filzens kennenlernen. Mit viel Geduld und Fantasie entstanden &hellip; <\/p>\n<p class=\"link-more\"><a href=\"https:\/\/albert-schweitzer-schule-oe.de\/?p=1888\" class=\"more-link\"><span class=\"screen-reader-text\">\u201eKreative Wochen im Offenen Ganztag der Albert-Schweitzer-Schule\u201c<\/span> weiterlesen<\/a><\/p>\n","protected":false},"author":1,"featured_media":0,"comment_status":"closed","ping_status":"open","sticky":false,"template":"","format":"standard","meta":{"footnotes":""},"categories":[1],"tags":[],"class_list":["post-1888","post","type-post","status-publish","format-standard","hentry","category-uncategorized"],"_links":{"self":[{"href":"https:\/\/albert-schweitzer-schule-oe.de\/index.php?rest_route=\/wp\/v2\/posts\/1888","targetHints":{"allow":["GET"]}}],"collection":[{"href":"https:\/\/albert-schweitzer-schule-oe.de\/index.php?rest_route=\/wp\/v2\/posts"}],"about":[{"href":"https:\/\/albert-schweitzer-schule-oe.de\/index.php?rest_route=\/wp\/v2\/types\/post"}],"author":[{"embeddable":true,"href":"https:\/\/albert-schweitzer-schule-oe.de\/index.php?rest_route=\/wp\/v2\/users\/1"}],"replies":[{"embeddable":true,"href":"https:\/\/albert-schweitzer-schule-oe.de\/index.php?rest_route=%2Fwp%2Fv2%2Fcomments&post=1888"}],"version-history":[{"count":1,"href":"https:\/\/albert-schweitzer-schule-oe.de\/index.php?rest_route=\/wp\/v2\/posts\/1888\/revisions"}],"predecessor-version":[{"id":1893,"href":"https:\/\/albert-schweitzer-schule-oe.de\/index.php?rest_route=\/wp\/v2\/posts\/1888\/revisions\/1893"}],"wp:attachment":[{"href":"https:\/\/albert-schweitzer-schule-oe.de\/index.php?rest_route=%2Fwp%2Fv2%2Fmedia&parent=1888"}],"wp:term":[{"taxonomy":"category","embeddable":true,"href":"https:\/\/albert-schweitzer-schule-oe.de\/index.php?rest_route=%2Fwp%2Fv2%2Fcategories&post=1888"},{"taxonomy":"post_tag","embeddable":true,"href":"https:\/\/albert-schweitzer-schule-oe.de\/index.php?rest_route=%2Fwp%2Fv2%2Ftags&post=1888"}],"curies":[{"name":"wp","href":"https:\/\/api.w.org\/{rel}","templated":true}]}}