{"id":1719,"date":"2024-03-18T16:51:04","date_gmt":"2024-03-18T16:51:04","guid":{"rendered":"https:\/\/albert-schweitzer-schule-oe.de\/?p=1719"},"modified":"2024-03-18T16:51:04","modified_gmt":"2024-03-18T16:51:04","slug":"projekttag-brandschutz","status":"publish","type":"post","link":"https:\/\/albert-schweitzer-schule-oe.de\/?p=1719","title":{"rendered":"Projekttag Brandschutz"},"content":{"rendered":"\n<p>Heute fand f\u00fcr Jahrgang 3 und 4 der Projekttag zum Brandschutz statt. Gestartet hat der Tag mit einem Probefeueralarm. Anschlie\u00dfend wurde klassenintern an verschiedenen Themenfeldern gearbeitet. Das Feuerwehrauto wurde erkl\u00e4rt. Au\u00dferdem wurde ein kompakter Erste-Hilfe-Kurs angeboten. Eine Person musste im Rauch gefunden werden und die Kinder nahmen an einer Theorie-Stunde teil. Zum Abschluss haben sich alle Kinder aus Jahrgang 3 und 4 auf dem Schulhof getroffen und die Feuerwehr hat eine Fettexplosion simuliert. <\/p>\n\n\n\n<p>Vielen Dank an die Feuerwehr Oer-Erkenschwick f\u00fcr den spannenden Projekttag.<\/p>\n\n\n\n<figure class=\"wp-block-image size-large is-resized\"><img loading=\"lazy\" decoding=\"async\" width=\"1024\" height=\"605\" src=\"https:\/\/albert-schweitzer-schule-oe.de\/wp-content\/uploads\/2024\/03\/2-1024x605.jpg\" alt=\"\" class=\"wp-image-1720\" style=\"width:499px;height:auto\" srcset=\"https:\/\/albert-schweitzer-schule-oe.de\/wp-content\/uploads\/2024\/03\/2-1024x605.jpg 1024w, https:\/\/albert-schweitzer-schule-oe.de\/wp-content\/uploads\/2024\/03\/2-300x177.jpg 300w, https:\/\/albert-schweitzer-schule-oe.de\/wp-content\/uploads\/2024\/03\/2-768x453.jpg 768w, https:\/\/albert-schweitzer-schule-oe.de\/wp-content\/uploads\/2024\/03\/2-1536x907.jpg 1536w, https:\/\/albert-schweitzer-schule-oe.de\/wp-content\/uploads\/2024\/03\/2-2048x1209.jpg 2048w\" sizes=\"auto, (max-width: 706px) 89vw, (max-width: 767px) 82vw, 740px\" \/><\/figure>\n\n\n\n<figure class=\"wp-block-image size-large is-resized\"><img loading=\"lazy\" decoding=\"async\" width=\"945\" height=\"1024\" src=\"https:\/\/albert-schweitzer-schule-oe.de\/wp-content\/uploads\/2024\/03\/3-945x1024.jpg\" alt=\"\" class=\"wp-image-1721\" style=\"width:381px;height:auto\" srcset=\"https:\/\/albert-schweitzer-schule-oe.de\/wp-content\/uploads\/2024\/03\/3-945x1024.jpg 945w, https:\/\/albert-schweitzer-schule-oe.de\/wp-content\/uploads\/2024\/03\/3-277x300.jpg 277w, https:\/\/albert-schweitzer-schule-oe.de\/wp-content\/uploads\/2024\/03\/3-768x832.jpg 768w, https:\/\/albert-schweitzer-schule-oe.de\/wp-content\/uploads\/2024\/03\/3-1417x1536.jpg 1417w, https:\/\/albert-schweitzer-schule-oe.de\/wp-content\/uploads\/2024\/03\/3.jpg 1852w\" sizes=\"auto, (max-width: 706px) 89vw, (max-width: 767px) 82vw, 740px\" \/><\/figure>\n","protected":false},"excerpt":{"rendered":"<p>Heute fand f\u00fcr Jahrgang 3 und 4 der Projekttag zum Brandschutz statt. Gestartet hat der Tag mit einem Probefeueralarm. Anschlie\u00dfend wurde klassenintern an verschiedenen Themenfeldern gearbeitet. Das Feuerwehrauto wurde erkl\u00e4rt. Au\u00dferdem wurde ein kompakter Erste-Hilfe-Kurs angeboten. Eine Person musste im Rauch gefunden werden und die Kinder nahmen an einer Theorie-Stunde teil. Zum Abschluss haben sich &hellip; <\/p>\n<p class=\"link-more\"><a href=\"https:\/\/albert-schweitzer-schule-oe.de\/?p=1719\" class=\"more-link\"><span class=\"screen-reader-text\">\u201eProjekttag Brandschutz\u201c<\/span> weiterlesen<\/a><\/p>\n","protected":false},"author":1,"featured_media":0,"comment_status":"closed","ping_status":"open","sticky":false,"template":"","format":"standard","meta":{"footnotes":""},"categories":[1],"tags":[],"class_list":["post-1719","post","type-post","status-publish","format-standard","hentry","category-uncategorized"],"_links":{"self":[{"href":"https:\/\/albert-schweitzer-schule-oe.de\/index.php?rest_route=\/wp\/v2\/posts\/1719","targetHints":{"allow":["GET"]}}],"collection":[{"href":"https:\/\/albert-schweitzer-schule-oe.de\/index.php?rest_route=\/wp\/v2\/posts"}],"about":[{"href":"https:\/\/albert-schweitzer-schule-oe.de\/index.php?rest_route=\/wp\/v2\/types\/post"}],"author":[{"embeddable":true,"href":"https:\/\/albert-schweitzer-schule-oe.de\/index.php?rest_route=\/wp\/v2\/users\/1"}],"replies":[{"embeddable":true,"href":"https:\/\/albert-schweitzer-schule-oe.de\/index.php?rest_route=%2Fwp%2Fv2%2Fcomments&post=1719"}],"version-history":[{"count":1,"href":"https:\/\/albert-schweitzer-schule-oe.de\/index.php?rest_route=\/wp\/v2\/posts\/1719\/revisions"}],"predecessor-version":[{"id":1722,"href":"https:\/\/albert-schweitzer-schule-oe.de\/index.php?rest_route=\/wp\/v2\/posts\/1719\/revisions\/1722"}],"wp:attachment":[{"href":"https:\/\/albert-schweitzer-schule-oe.de\/index.php?rest_route=%2Fwp%2Fv2%2Fmedia&parent=1719"}],"wp:term":[{"taxonomy":"category","embeddable":true,"href":"https:\/\/albert-schweitzer-schule-oe.de\/index.php?rest_route=%2Fwp%2Fv2%2Fcategories&post=1719"},{"taxonomy":"post_tag","embeddable":true,"href":"https:\/\/albert-schweitzer-schule-oe.de\/index.php?rest_route=%2Fwp%2Fv2%2Ftags&post=1719"}],"curies":[{"name":"wp","href":"https:\/\/api.w.org\/{rel}","templated":true}]}}