{"id":1679,"date":"2024-02-09T15:49:15","date_gmt":"2024-02-09T15:49:15","guid":{"rendered":"https:\/\/albert-schweitzer-schule-oe.de\/?p=1679"},"modified":"2024-02-09T15:49:15","modified_gmt":"2024-02-09T15:49:15","slug":"karneval-2","status":"publish","type":"post","link":"https:\/\/albert-schweitzer-schule-oe.de\/?p=1679","title":{"rendered":"Karneval"},"content":{"rendered":"\n<p>Heute herrschte ein buntes Treiben an der Albert-Schweitzer-Schule. Sch\u00fcler*innen und Lehrer*innen kamen verkleidet zur Schule, denn es wurde Karneval gefeiert. In den Klassen wurde gesungen, getanzt, gemalt und gebastelt. Zum Abschluss gab es eine Polon\u00e4se mit der ganzen Schule. Beendet wurde die Karnevalsfeier mit verschiedenen gemeinsamen T\u00e4nzen auf dem Schulhof. Alle Beteiligten hatten viel Spa\u00df.\u00a0<\/p>\n\n\n\n<figure class=\"wp-block-image size-large is-resized\"><img loading=\"lazy\" decoding=\"async\" width=\"1024\" height=\"1024\" src=\"https:\/\/albert-schweitzer-schule-oe.de\/wp-content\/uploads\/2024\/02\/7AFE2B6E-3B4E-4405-B5A9-9DC79E3C1872-1024x1024.jpg\" alt=\"\" class=\"wp-image-1680\" style=\"width:455px;height:auto\" srcset=\"https:\/\/albert-schweitzer-schule-oe.de\/wp-content\/uploads\/2024\/02\/7AFE2B6E-3B4E-4405-B5A9-9DC79E3C1872-1024x1024.jpg 1024w, https:\/\/albert-schweitzer-schule-oe.de\/wp-content\/uploads\/2024\/02\/7AFE2B6E-3B4E-4405-B5A9-9DC79E3C1872-300x300.jpg 300w, https:\/\/albert-schweitzer-schule-oe.de\/wp-content\/uploads\/2024\/02\/7AFE2B6E-3B4E-4405-B5A9-9DC79E3C1872-150x150.jpg 150w, https:\/\/albert-schweitzer-schule-oe.de\/wp-content\/uploads\/2024\/02\/7AFE2B6E-3B4E-4405-B5A9-9DC79E3C1872-768x768.jpg 768w, https:\/\/albert-schweitzer-schule-oe.de\/wp-content\/uploads\/2024\/02\/7AFE2B6E-3B4E-4405-B5A9-9DC79E3C1872-1536x1536.jpg 1536w, https:\/\/albert-schweitzer-schule-oe.de\/wp-content\/uploads\/2024\/02\/7AFE2B6E-3B4E-4405-B5A9-9DC79E3C1872-100x100.jpg 100w, https:\/\/albert-schweitzer-schule-oe.de\/wp-content\/uploads\/2024\/02\/7AFE2B6E-3B4E-4405-B5A9-9DC79E3C1872.jpg 2048w\" sizes=\"auto, (max-width: 706px) 89vw, (max-width: 767px) 82vw, 740px\" \/><\/figure>\n","protected":false},"excerpt":{"rendered":"<p>Heute herrschte ein buntes Treiben an der Albert-Schweitzer-Schule. Sch\u00fcler*innen und Lehrer*innen kamen verkleidet zur Schule, denn es wurde Karneval gefeiert. In den Klassen wurde gesungen, getanzt, gemalt und gebastelt. Zum Abschluss gab es eine Polon\u00e4se mit der ganzen Schule. Beendet wurde die Karnevalsfeier mit verschiedenen gemeinsamen T\u00e4nzen auf dem Schulhof. Alle Beteiligten hatten viel Spa\u00df.\u00a0<\/p>\n","protected":false},"author":1,"featured_media":0,"comment_status":"closed","ping_status":"open","sticky":false,"template":"","format":"standard","meta":{"footnotes":""},"categories":[1],"tags":[],"class_list":["post-1679","post","type-post","status-publish","format-standard","hentry","category-uncategorized"],"_links":{"self":[{"href":"https:\/\/albert-schweitzer-schule-oe.de\/index.php?rest_route=\/wp\/v2\/posts\/1679","targetHints":{"allow":["GET"]}}],"collection":[{"href":"https:\/\/albert-schweitzer-schule-oe.de\/index.php?rest_route=\/wp\/v2\/posts"}],"about":[{"href":"https:\/\/albert-schweitzer-schule-oe.de\/index.php?rest_route=\/wp\/v2\/types\/post"}],"author":[{"embeddable":true,"href":"https:\/\/albert-schweitzer-schule-oe.de\/index.php?rest_route=\/wp\/v2\/users\/1"}],"replies":[{"embeddable":true,"href":"https:\/\/albert-schweitzer-schule-oe.de\/index.php?rest_route=%2Fwp%2Fv2%2Fcomments&post=1679"}],"version-history":[{"count":1,"href":"https:\/\/albert-schweitzer-schule-oe.de\/index.php?rest_route=\/wp\/v2\/posts\/1679\/revisions"}],"predecessor-version":[{"id":1681,"href":"https:\/\/albert-schweitzer-schule-oe.de\/index.php?rest_route=\/wp\/v2\/posts\/1679\/revisions\/1681"}],"wp:attachment":[{"href":"https:\/\/albert-schweitzer-schule-oe.de\/index.php?rest_route=%2Fwp%2Fv2%2Fmedia&parent=1679"}],"wp:term":[{"taxonomy":"category","embeddable":true,"href":"https:\/\/albert-schweitzer-schule-oe.de\/index.php?rest_route=%2Fwp%2Fv2%2Fcategories&post=1679"},{"taxonomy":"post_tag","embeddable":true,"href":"https:\/\/albert-schweitzer-schule-oe.de\/index.php?rest_route=%2Fwp%2Fv2%2Ftags&post=1679"}],"curies":[{"name":"wp","href":"https:\/\/api.w.org\/{rel}","templated":true}]}}