{"id":1637,"date":"2023-11-20T13:56:46","date_gmt":"2023-11-20T13:56:46","guid":{"rendered":"https:\/\/albert-schweitzer-schule-oe.de\/?p=1637"},"modified":"2023-11-20T13:56:46","modified_gmt":"2023-11-20T13:56:46","slug":"vorlesetag","status":"publish","type":"post","link":"https:\/\/albert-schweitzer-schule-oe.de\/?p=1637","title":{"rendered":"Vorlesetag"},"content":{"rendered":"\n<p>Am Freitag, den 17.11.2023 fand der Bundesweite Vorlesetag statt. Das Motto dieses Jahr lautete &#8222;Vorlesen verbindet&#8220;. Denn gemeinsames Vorlesen verbindet und schafft N\u00e4he. Doch es kann noch viel mehr: Es ist die wichtigste Voraussetzung, um selbst gut lesen zu lernen, best\u00e4rkt Kinder neugierig die Welt zu entdecken und ist der Schl\u00fcssel f\u00fcr ihre Zukunft. In den einzelnen Klassen wurden verschiedene B\u00fccher vorgelesen und dazu gebastelt, geschrieben, diskutiert etc.<\/p>\n\n\n\n<figure class=\"wp-block-image size-large is-resized\"><img loading=\"lazy\" decoding=\"async\" width=\"1024\" height=\"474\" src=\"https:\/\/albert-schweitzer-schule-oe.de\/wp-content\/uploads\/2023\/11\/IMG_9850x-1024x474.jpg\" alt=\"\" class=\"wp-image-1638\" style=\"aspect-ratio:2.160337552742616;width:490px;height:auto\" srcset=\"https:\/\/albert-schweitzer-schule-oe.de\/wp-content\/uploads\/2023\/11\/IMG_9850x-1024x474.jpg 1024w, https:\/\/albert-schweitzer-schule-oe.de\/wp-content\/uploads\/2023\/11\/IMG_9850x-300x139.jpg 300w, https:\/\/albert-schweitzer-schule-oe.de\/wp-content\/uploads\/2023\/11\/IMG_9850x-768x356.jpg 768w, https:\/\/albert-schweitzer-schule-oe.de\/wp-content\/uploads\/2023\/11\/IMG_9850x-1536x711.jpg 1536w, https:\/\/albert-schweitzer-schule-oe.de\/wp-content\/uploads\/2023\/11\/IMG_9850x-2048x949.jpg 2048w\" sizes=\"auto, (max-width: 706px) 89vw, (max-width: 767px) 82vw, 740px\" \/><\/figure>\n\n\n\n<figure class=\"wp-block-image size-full\"><img loading=\"lazy\" decoding=\"async\" width=\"607\" height=\"404\" src=\"https:\/\/albert-schweitzer-schule-oe.de\/wp-content\/uploads\/2023\/11\/Bildschirmfoto-2023-11-20-um-14.53.58.png\" alt=\"\" class=\"wp-image-1641\" srcset=\"https:\/\/albert-schweitzer-schule-oe.de\/wp-content\/uploads\/2023\/11\/Bildschirmfoto-2023-11-20-um-14.53.58.png 607w, https:\/\/albert-schweitzer-schule-oe.de\/wp-content\/uploads\/2023\/11\/Bildschirmfoto-2023-11-20-um-14.53.58-300x200.png 300w\" sizes=\"auto, (max-width: 607px) 100vw, 607px\" \/><\/figure>\n","protected":false},"excerpt":{"rendered":"<p>Am Freitag, den 17.11.2023 fand der Bundesweite Vorlesetag statt. Das Motto dieses Jahr lautete &#8222;Vorlesen verbindet&#8220;. Denn gemeinsames Vorlesen verbindet und schafft N\u00e4he. Doch es kann noch viel mehr: Es ist die wichtigste Voraussetzung, um selbst gut lesen zu lernen, best\u00e4rkt Kinder neugierig die Welt zu entdecken und ist der Schl\u00fcssel f\u00fcr ihre Zukunft. In &hellip; <\/p>\n<p class=\"link-more\"><a href=\"https:\/\/albert-schweitzer-schule-oe.de\/?p=1637\" class=\"more-link\"><span class=\"screen-reader-text\">\u201eVorlesetag\u201c<\/span> weiterlesen<\/a><\/p>\n","protected":false},"author":1,"featured_media":0,"comment_status":"closed","ping_status":"open","sticky":false,"template":"","format":"standard","meta":{"footnotes":""},"categories":[1],"tags":[],"class_list":["post-1637","post","type-post","status-publish","format-standard","hentry","category-uncategorized"],"_links":{"self":[{"href":"https:\/\/albert-schweitzer-schule-oe.de\/index.php?rest_route=\/wp\/v2\/posts\/1637","targetHints":{"allow":["GET"]}}],"collection":[{"href":"https:\/\/albert-schweitzer-schule-oe.de\/index.php?rest_route=\/wp\/v2\/posts"}],"about":[{"href":"https:\/\/albert-schweitzer-schule-oe.de\/index.php?rest_route=\/wp\/v2\/types\/post"}],"author":[{"embeddable":true,"href":"https:\/\/albert-schweitzer-schule-oe.de\/index.php?rest_route=\/wp\/v2\/users\/1"}],"replies":[{"embeddable":true,"href":"https:\/\/albert-schweitzer-schule-oe.de\/index.php?rest_route=%2Fwp%2Fv2%2Fcomments&post=1637"}],"version-history":[{"count":1,"href":"https:\/\/albert-schweitzer-schule-oe.de\/index.php?rest_route=\/wp\/v2\/posts\/1637\/revisions"}],"predecessor-version":[{"id":1642,"href":"https:\/\/albert-schweitzer-schule-oe.de\/index.php?rest_route=\/wp\/v2\/posts\/1637\/revisions\/1642"}],"wp:attachment":[{"href":"https:\/\/albert-schweitzer-schule-oe.de\/index.php?rest_route=%2Fwp%2Fv2%2Fmedia&parent=1637"}],"wp:term":[{"taxonomy":"category","embeddable":true,"href":"https:\/\/albert-schweitzer-schule-oe.de\/index.php?rest_route=%2Fwp%2Fv2%2Fcategories&post=1637"},{"taxonomy":"post_tag","embeddable":true,"href":"https:\/\/albert-schweitzer-schule-oe.de\/index.php?rest_route=%2Fwp%2Fv2%2Ftags&post=1637"}],"curies":[{"name":"wp","href":"https:\/\/api.w.org\/{rel}","templated":true}]}}